{"id":2980,"date":"2013-02-04T02:24:36","date_gmt":"2013-02-04T00:24:36","guid":{"rendered":"http:\/\/samuel.trygger.nu\/wp\/?p=2980"},"modified":"2013-02-04T02:32:46","modified_gmt":"2013-02-04T00:32:46","slug":"sondag","status":"publish","type":"post","link":"http:\/\/samuel.trygger.nu\/wp\/2013\/02\/04\/sondag\/","title":{"rendered":"S\u00f6ndag"},"content":{"rendered":"<p>Mitt i natten.<br \/>\nTe och snus.<br \/>\nI rummet snusar \u00d6mheten<br \/>\n&#8211; prickig p\u00e5 magen\u00a0och krafsig i halsen &#8211;<br \/>\noch i k\u00f6ket dricks det.<br \/>\nTe.<\/p>\n<p>H\u00e4r skrivs det \u00e4ven<br \/>\noch det samlas<br \/>\n\u00e4ven\u00a0tankar.<br \/>\nH\u00e4r seglar bilder<br \/>\nfr\u00e5n f\u00f6rra nattens dr\u00f6mmar<br \/>\nf\u00e5f\u00e4ngt f\u00f6rbi<br \/>\ni vaknandets vakuum &#8211;<br \/>\nbilder<br \/>\nsom bara \u00e4r<br \/>\nbara bilder<br \/>\nn\u00e4r dagsljuset m\u00f6tt dem,<br \/>\nmen kanske n\u00e5got annat<br \/>\nbakom \u00f6gonlockens m\u00f6rker.<br \/>\nH\u00e4r mediteras<br \/>\n\u00f6ver morgondagen<br \/>\n\u00e4ven om morgondagen<br \/>\n\u00e4nnu \u00e4r avl\u00e4gsen.<\/p>\n<p>Morpheus n\u00e4rvaro<br \/>\nsaknas \u00e4nnu<br \/>\nmen f\u00f6rr \u00e4n f\u00f6rv\u00e4ntat<br \/>\nh\u00e4nger han \u00f6ver axeln<br \/>\noch andas<br \/>\nmed djupa mjuka suckar.<br \/>\nD\u00e5 f\u00e5r \u00d6mheten s\u00e4llskap<br \/>\nigen.<\/p>\n<p>Och \u00e5terst\u00e5r te<br \/>\nf\u00e5r det svalna i k\u00f6ket<br \/>\nn\u00e4r lampan sl\u00e4ckts.<br \/>\nOch \u00e5terst\u00e5r tankar<br \/>\noch bilder<br \/>\nf\u00e5r de sova<br \/>\neller m\u00e5las<br \/>\ni m\u00f6rkret<br \/>\nbakom \u00f6gonlocken.<\/p>\n","protected":false},"excerpt":{"rendered":"<p>Mitt i natten. Te och snus. I rummet snusar \u00d6mheten &#8211; prickig p\u00e5 magen\u00a0och krafsig i halsen &#8211; och i k\u00f6ket dricks det. Te. H\u00e4r skrivs det \u00e4ven och det samlas \u00e4ven\u00a0tankar. H\u00e4r seglar bilder fr\u00e5n f\u00f6rra nattens dr\u00f6mmar f\u00e5f\u00e4ngt &hellip; <a href=\"http:\/\/samuel.trygger.nu\/wp\/2013\/02\/04\/sondag\/\">L\u00e4s mer <span class=\"meta-nav\">&rarr;<\/span><\/a><\/p>\n","protected":false},"author":1,"featured_media":0,"comment_status":"open","ping_status":"open","sticky":false,"template":"","format":"standard","meta":{"ngg_post_thumbnail":0,"footnotes":""},"categories":[13],"tags":[],"class_list":["post-2980","post","type-post","status-publish","format-standard","hentry","category-den-bloggigare-delen"],"_links":{"self":[{"href":"http:\/\/samuel.trygger.nu\/wp\/wp-json\/wp\/v2\/posts\/2980","targetHints":{"allow":["GET"]}}],"collection":[{"href":"http:\/\/samuel.trygger.nu\/wp\/wp-json\/wp\/v2\/posts"}],"about":[{"href":"http:\/\/samuel.trygger.nu\/wp\/wp-json\/wp\/v2\/types\/post"}],"author":[{"embeddable":true,"href":"http:\/\/samuel.trygger.nu\/wp\/wp-json\/wp\/v2\/users\/1"}],"replies":[{"embeddable":true,"href":"http:\/\/samuel.trygger.nu\/wp\/wp-json\/wp\/v2\/comments?post=2980"}],"version-history":[{"count":4,"href":"http:\/\/samuel.trygger.nu\/wp\/wp-json\/wp\/v2\/posts\/2980\/revisions"}],"predecessor-version":[{"id":2984,"href":"http:\/\/samuel.trygger.nu\/wp\/wp-json\/wp\/v2\/posts\/2980\/revisions\/2984"}],"wp:attachment":[{"href":"http:\/\/samuel.trygger.nu\/wp\/wp-json\/wp\/v2\/media?parent=2980"}],"wp:term":[{"taxonomy":"category","embeddable":true,"href":"http:\/\/samuel.trygger.nu\/wp\/wp-json\/wp\/v2\/categories?post=2980"},{"taxonomy":"post_tag","embeddable":true,"href":"http:\/\/samuel.trygger.nu\/wp\/wp-json\/wp\/v2\/tags?post=2980"}],"curies":[{"name":"wp","href":"https:\/\/api.w.org\/{rel}","templated":true}]}}